{"id":2185,"date":"2025-06-13T11:04:14","date_gmt":"2025-06-13T10:04:14","guid":{"rendered":"https:\/\/estudidemusica.cat\/?p=2185"},"modified":"2025-07-11T08:49:36","modified_gmt":"2025-07-11T07:49:36","slug":"lescola-riuclar-acull-el-concert-de-cloenda-del-projecte-bufa-vent-fort","status":"publish","type":"post","link":"https:\/\/estudidemusica.cat\/es\/lescola-riuclar-acull-el-concert-de-cloenda-del-projecte-bufa-vent-fort\/","title":{"rendered":"L\u2019Escola Riuclar acull el concert de cloenda del projecte \u201cBufa Vent Fort\u201d"},"content":{"rendered":"<p data-start=\"199\" data-end=\"546\">El proper <strong data-start=\"209\" data-end=\"252\">dilluns 19 de juny a les 9.30 h del mat\u00ed<\/strong>, l\u2019Escola Riuclar de Tarragona acollir\u00e0 el <strong data-start=\"296\" data-end=\"357\">concert de cloenda del projecte \u201cBufa Vent Fort \u2013 Fase 2\u201d<\/strong>, una iniciativa impulsada per l\u2019Estudi de M\u00fasica de Tarragona amb la voluntat d\u2019apropar la pr\u00e0ctica musical \u2014i concretament els instruments de vent metall\u2014 a les aules d\u2019educaci\u00f3 prim\u00e0ria.<\/p>\n<p data-start=\"548\" data-end=\"939\">Despr\u00e9s d\u2019una primera fase amb concerts did\u00e0ctics a 17 escoles de la ciutat, el projecte ha entrat enguany en una nova etapa m\u00e9s immersiva. En aquesta <strong data-start=\"699\" data-end=\"709\">fase 2<\/strong>, l\u2019alumnat de l\u2019Escola Saavedra i l\u2019Escola Riuclar ha tingut l\u2019oportunitat de fer <strong data-start=\"792\" data-end=\"834\">classes setmanals de trompeta i tromb\u00f3<\/strong>, amb instruments de pl\u00e0stic especialment adaptats per a infants, i guiats per professorat especialitzat.<\/p>\n<p data-start=\"941\" data-end=\"1319\">El concert de dijous ser\u00e0 una <strong data-start=\"972\" data-end=\"1029\">celebraci\u00f3 del proc\u00e9s i dels aprenentatges compartits<\/strong> durant aquests mesos. Les nenes i nens participants mostraran les peces treballades, en un acte obert a tota la comunitat educativa i als mitjans. Aquesta actuaci\u00f3 posa punt final a un curs intens i emocionant, que ha demostrat com la m\u00fasica pot transformar espais i vincles dins l\u2019escola.<\/p>\n<p data-start=\"1321\" data-end=\"1542\">Amb \u201cBufa Vent Fort\u201d, l\u2019Estudi de M\u00fasica de Tarragona reafirma el seu comprom\u00eds d\u2019apropar la cultura i l\u2019educaci\u00f3 musical a tots els infants, ampliant horitzons i fent de la m\u00fasica una experi\u00e8ncia col\u00b7lectiva i inclusiva.<\/p>","protected":false},"excerpt":{"rendered":"<p>El proper dilluns 19 de juny a les 9.30 h del mat\u00ed, l\u2019Escola Riuclar de Tarragona acollir\u00e0 el concert de cloenda del projecte \u201cBufa Vent Fort \u2013 Fase 2\u201d, una iniciativa impulsada per l\u2019Estudi de M\u00fasica de Tarragona amb la voluntat d\u2019apropar la pr\u00e0ctica musical \u2014i concretament els instruments de vent metall\u2014 a les aules [&hellip;]<\/p>\n","protected":false},"author":6,"featured_media":2183,"comment_status":"closed","ping_status":"closed","sticky":false,"template":"","format":"standard","meta":{"_et_pb_use_builder":"","_et_pb_old_content":"","_et_gb_content_width":"","footnotes":""},"categories":[22],"tags":[],"class_list":["post-2185","post","type-post","status-publish","format-standard","has-post-thumbnail","hentry","category-noticies"],"yoast_head":"<!-- This site is optimized with the Yoast SEO plugin v27.4 - https:\/\/yoast.com\/product\/yoast-seo-wordpress\/ -->\n<title>L\u2019Escola Riuclar acull el concert de cloenda del projecte \u201cBufa Vent Fort\u201d - Estudi de musica<\/title>\n<meta name=\"robots\" content=\"index, follow, max-snippet:-1, max-image-preview:large, max-video-preview:-1\" \/>\n<link rel=\"canonical\" href=\"https:\/\/estudidemusica.cat\/es\/lescola-riuclar-acull-el-concert-de-cloenda-del-projecte-bufa-vent-fort\/\" \/>\n<meta property=\"og:locale\" content=\"es_ES\" \/>\n<meta property=\"og:type\" content=\"article\" \/>\n<meta property=\"og:title\" content=\"L\u2019Escola Riuclar acull el concert de cloenda del projecte \u201cBufa Vent Fort\u201d - Estudi de musica\" \/>\n<meta property=\"og:description\" content=\"El proper dilluns 19 de juny a les 9.30 h del mat\u00ed, l\u2019Escola Riuclar de Tarragona acollir\u00e0 el concert de cloenda del projecte \u201cBufa Vent Fort \u2013 Fase 2\u201d, una iniciativa impulsada per l\u2019Estudi de M\u00fasica de Tarragona amb la voluntat d\u2019apropar la pr\u00e0ctica musical \u2014i concretament els instruments de vent metall\u2014 a les aules [&hellip;]\" \/>\n<meta property=\"og:url\" content=\"https:\/\/estudidemusica.cat\/es\/lescola-riuclar-acull-el-concert-de-cloenda-del-projecte-bufa-vent-fort\/\" \/>\n<meta property=\"og:site_name\" content=\"Estudi de musica\" \/>\n<meta property=\"article:published_time\" content=\"2025-06-13T10:04:14+00:00\" \/>\n<meta property=\"article:modified_time\" content=\"2025-07-11T07:49:36+00:00\" \/>\n<meta property=\"og:image\" content=\"https:\/\/estudidemusica.cat\/wp-content\/uploads\/2025\/06\/BVFclasses_22-scaled.jpg\" \/>\n\t<meta property=\"og:image:width\" content=\"2560\" \/>\n\t<meta property=\"og:image:height\" content=\"1707\" \/>\n\t<meta property=\"og:image:type\" content=\"image\/jpeg\" \/>\n<meta name=\"author\" content=\"Estudi de musica\" \/>\n<meta name=\"twitter:card\" content=\"summary_large_image\" \/>\n<meta name=\"twitter:label1\" content=\"Escrito por\" \/>\n\t<meta name=\"twitter:data1\" content=\"Estudi de musica\" \/>\n\t<meta name=\"twitter:label2\" content=\"Tiempo de lectura\" \/>\n\t<meta name=\"twitter:data2\" content=\"2 minutos\" \/>\n<script type=\"application\/ld+json\" class=\"yoast-schema-graph\">{\"@context\":\"https:\\\/\\\/schema.org\",\"@graph\":[{\"@type\":\"Article\",\"@id\":\"https:\\\/\\\/estudidemusica.cat\\\/lescola-riuclar-acull-el-concert-de-cloenda-del-projecte-bufa-vent-fort\\\/#article\",\"isPartOf\":{\"@id\":\"https:\\\/\\\/estudidemusica.cat\\\/lescola-riuclar-acull-el-concert-de-cloenda-del-projecte-bufa-vent-fort\\\/\"},\"author\":{\"name\":\"Estudi de musica\",\"@id\":\"https:\\\/\\\/estudidemusica.cat\\\/#\\\/schema\\\/person\\\/cdbe04aa63b8048fafb6f9c4fd3b2f4a\"},\"headline\":\"L\u2019Escola Riuclar acull el concert de cloenda del projecte \u201cBufa Vent Fort\u201d\",\"datePublished\":\"2025-06-13T10:04:14+00:00\",\"dateModified\":\"2025-07-11T07:49:36+00:00\",\"mainEntityOfPage\":{\"@id\":\"https:\\\/\\\/estudidemusica.cat\\\/lescola-riuclar-acull-el-concert-de-cloenda-del-projecte-bufa-vent-fort\\\/\"},\"wordCount\":247,\"image\":{\"@id\":\"https:\\\/\\\/estudidemusica.cat\\\/lescola-riuclar-acull-el-concert-de-cloenda-del-projecte-bufa-vent-fort\\\/#primaryimage\"},\"thumbnailUrl\":\"https:\\\/\\\/estudidemusica.cat\\\/wp-content\\\/uploads\\\/2025\\\/06\\\/BVFclasses_22-scaled.jpg\",\"articleSection\":[\"Not\u00edcies\"],\"inLanguage\":\"es\"},{\"@type\":\"WebPage\",\"@id\":\"https:\\\/\\\/estudidemusica.cat\\\/lescola-riuclar-acull-el-concert-de-cloenda-del-projecte-bufa-vent-fort\\\/\",\"url\":\"https:\\\/\\\/estudidemusica.cat\\\/lescola-riuclar-acull-el-concert-de-cloenda-del-projecte-bufa-vent-fort\\\/\",\"name\":\"L\u2019Escola Riuclar acull el concert de cloenda del projecte \u201cBufa Vent Fort\u201d - Estudi de musica\",\"isPartOf\":{\"@id\":\"https:\\\/\\\/estudidemusica.cat\\\/#website\"},\"primaryImageOfPage\":{\"@id\":\"https:\\\/\\\/estudidemusica.cat\\\/lescola-riuclar-acull-el-concert-de-cloenda-del-projecte-bufa-vent-fort\\\/#primaryimage\"},\"image\":{\"@id\":\"https:\\\/\\\/estudidemusica.cat\\\/lescola-riuclar-acull-el-concert-de-cloenda-del-projecte-bufa-vent-fort\\\/#primaryimage\"},\"thumbnailUrl\":\"https:\\\/\\\/estudidemusica.cat\\\/wp-content\\\/uploads\\\/2025\\\/06\\\/BVFclasses_22-scaled.jpg\",\"datePublished\":\"2025-06-13T10:04:14+00:00\",\"dateModified\":\"2025-07-11T07:49:36+00:00\",\"author\":{\"@id\":\"https:\\\/\\\/estudidemusica.cat\\\/#\\\/schema\\\/person\\\/cdbe04aa63b8048fafb6f9c4fd3b2f4a\"},\"breadcrumb\":{\"@id\":\"https:\\\/\\\/estudidemusica.cat\\\/lescola-riuclar-acull-el-concert-de-cloenda-del-projecte-bufa-vent-fort\\\/#breadcrumb\"},\"inLanguage\":\"es\",\"potentialAction\":[{\"@type\":\"ReadAction\",\"target\":[\"https:\\\/\\\/estudidemusica.cat\\\/lescola-riuclar-acull-el-concert-de-cloenda-del-projecte-bufa-vent-fort\\\/\"]}]},{\"@type\":\"ImageObject\",\"inLanguage\":\"es\",\"@id\":\"https:\\\/\\\/estudidemusica.cat\\\/lescola-riuclar-acull-el-concert-de-cloenda-del-projecte-bufa-vent-fort\\\/#primaryimage\",\"url\":\"https:\\\/\\\/estudidemusica.cat\\\/wp-content\\\/uploads\\\/2025\\\/06\\\/BVFclasses_22-scaled.jpg\",\"contentUrl\":\"https:\\\/\\\/estudidemusica.cat\\\/wp-content\\\/uploads\\\/2025\\\/06\\\/BVFclasses_22-scaled.jpg\",\"width\":2560,\"height\":1707},{\"@type\":\"BreadcrumbList\",\"@id\":\"https:\\\/\\\/estudidemusica.cat\\\/lescola-riuclar-acull-el-concert-de-cloenda-del-projecte-bufa-vent-fort\\\/#breadcrumb\",\"itemListElement\":[{\"@type\":\"ListItem\",\"position\":1,\"name\":\"Inici\",\"item\":\"https:\\\/\\\/estudidemusica.cat\\\/\"},{\"@type\":\"ListItem\",\"position\":2,\"name\":\"L\u2019Escola Riuclar acull el concert de cloenda del projecte \u201cBufa Vent Fort\u201d\"}]},{\"@type\":\"WebSite\",\"@id\":\"https:\\\/\\\/estudidemusica.cat\\\/#website\",\"url\":\"https:\\\/\\\/estudidemusica.cat\\\/\",\"name\":\"Estudi de musica\",\"description\":\"Escola de m\u00fasica de tarragona amb m\u00e9s de 25 anys, autoritzada per la Generalitat.\",\"potentialAction\":[{\"@type\":\"SearchAction\",\"target\":{\"@type\":\"EntryPoint\",\"urlTemplate\":\"https:\\\/\\\/estudidemusica.cat\\\/?s={search_term_string}\"},\"query-input\":{\"@type\":\"PropertyValueSpecification\",\"valueRequired\":true,\"valueName\":\"search_term_string\"}}],\"inLanguage\":\"es\"},{\"@type\":\"Person\",\"@id\":\"https:\\\/\\\/estudidemusica.cat\\\/#\\\/schema\\\/person\\\/cdbe04aa63b8048fafb6f9c4fd3b2f4a\",\"name\":\"Estudi de musica\",\"image\":{\"@type\":\"ImageObject\",\"inLanguage\":\"es\",\"@id\":\"https:\\\/\\\/secure.gravatar.com\\\/avatar\\\/e56dea9004d61ecce26d7e09a8871d0cc39725771405e7ae78e739e9eb370db7?s=96&d=mm&r=g\",\"url\":\"https:\\\/\\\/secure.gravatar.com\\\/avatar\\\/e56dea9004d61ecce26d7e09a8871d0cc39725771405e7ae78e739e9eb370db7?s=96&d=mm&r=g\",\"contentUrl\":\"https:\\\/\\\/secure.gravatar.com\\\/avatar\\\/e56dea9004d61ecce26d7e09a8871d0cc39725771405e7ae78e739e9eb370db7?s=96&d=mm&r=g\",\"caption\":\"Estudi de musica\"},\"url\":\"https:\\\/\\\/estudidemusica.cat\\\/es\\\/author\\\/estudidemusica\\\/\"}]}<\/script>\n<!-- \/ Yoast SEO plugin. -->","yoast_head_json":{"title":"L\u2019Escola Riuclar acull el concert de cloenda del projecte \u201cBufa Vent Fort\u201d - Estudi de musica","robots":{"index":"index","follow":"follow","max-snippet":"max-snippet:-1","max-image-preview":"max-image-preview:large","max-video-preview":"max-video-preview:-1"},"canonical":"https:\/\/estudidemusica.cat\/es\/lescola-riuclar-acull-el-concert-de-cloenda-del-projecte-bufa-vent-fort\/","og_locale":"es_ES","og_type":"article","og_title":"L\u2019Escola Riuclar acull el concert de cloenda del projecte \u201cBufa Vent Fort\u201d - Estudi de musica","og_description":"El proper dilluns 19 de juny a les 9.30 h del mat\u00ed, l\u2019Escola Riuclar de Tarragona acollir\u00e0 el concert de cloenda del projecte \u201cBufa Vent Fort \u2013 Fase 2\u201d, una iniciativa impulsada per l\u2019Estudi de M\u00fasica de Tarragona amb la voluntat d\u2019apropar la pr\u00e0ctica musical \u2014i concretament els instruments de vent metall\u2014 a les aules [&hellip;]","og_url":"https:\/\/estudidemusica.cat\/es\/lescola-riuclar-acull-el-concert-de-cloenda-del-projecte-bufa-vent-fort\/","og_site_name":"Estudi de musica","article_published_time":"2025-06-13T10:04:14+00:00","article_modified_time":"2025-07-11T07:49:36+00:00","og_image":[{"width":2560,"height":1707,"url":"https:\/\/estudidemusica.cat\/wp-content\/uploads\/2025\/06\/BVFclasses_22-scaled.jpg","type":"image\/jpeg"}],"author":"Estudi de musica","twitter_card":"summary_large_image","twitter_misc":{"Escrito por":"Estudi de musica","Tiempo de lectura":"2 minutos"},"schema":{"@context":"https:\/\/schema.org","@graph":[{"@type":"Article","@id":"https:\/\/estudidemusica.cat\/lescola-riuclar-acull-el-concert-de-cloenda-del-projecte-bufa-vent-fort\/#article","isPartOf":{"@id":"https:\/\/estudidemusica.cat\/lescola-riuclar-acull-el-concert-de-cloenda-del-projecte-bufa-vent-fort\/"},"author":{"name":"Estudi de musica","@id":"https:\/\/estudidemusica.cat\/#\/schema\/person\/cdbe04aa63b8048fafb6f9c4fd3b2f4a"},"headline":"L\u2019Escola Riuclar acull el concert de cloenda del projecte \u201cBufa Vent Fort\u201d","datePublished":"2025-06-13T10:04:14+00:00","dateModified":"2025-07-11T07:49:36+00:00","mainEntityOfPage":{"@id":"https:\/\/estudidemusica.cat\/lescola-riuclar-acull-el-concert-de-cloenda-del-projecte-bufa-vent-fort\/"},"wordCount":247,"image":{"@id":"https:\/\/estudidemusica.cat\/lescola-riuclar-acull-el-concert-de-cloenda-del-projecte-bufa-vent-fort\/#primaryimage"},"thumbnailUrl":"https:\/\/estudidemusica.cat\/wp-content\/uploads\/2025\/06\/BVFclasses_22-scaled.jpg","articleSection":["Not\u00edcies"],"inLanguage":"es"},{"@type":"WebPage","@id":"https:\/\/estudidemusica.cat\/lescola-riuclar-acull-el-concert-de-cloenda-del-projecte-bufa-vent-fort\/","url":"https:\/\/estudidemusica.cat\/lescola-riuclar-acull-el-concert-de-cloenda-del-projecte-bufa-vent-fort\/","name":"L\u2019Escola Riuclar acull el concert de cloenda del projecte \u201cBufa Vent Fort\u201d - Estudi de musica","isPartOf":{"@id":"https:\/\/estudidemusica.cat\/#website"},"primaryImageOfPage":{"@id":"https:\/\/estudidemusica.cat\/lescola-riuclar-acull-el-concert-de-cloenda-del-projecte-bufa-vent-fort\/#primaryimage"},"image":{"@id":"https:\/\/estudidemusica.cat\/lescola-riuclar-acull-el-concert-de-cloenda-del-projecte-bufa-vent-fort\/#primaryimage"},"thumbnailUrl":"https:\/\/estudidemusica.cat\/wp-content\/uploads\/2025\/06\/BVFclasses_22-scaled.jpg","datePublished":"2025-06-13T10:04:14+00:00","dateModified":"2025-07-11T07:49:36+00:00","author":{"@id":"https:\/\/estudidemusica.cat\/#\/schema\/person\/cdbe04aa63b8048fafb6f9c4fd3b2f4a"},"breadcrumb":{"@id":"https:\/\/estudidemusica.cat\/lescola-riuclar-acull-el-concert-de-cloenda-del-projecte-bufa-vent-fort\/#breadcrumb"},"inLanguage":"es","potentialAction":[{"@type":"ReadAction","target":["https:\/\/estudidemusica.cat\/lescola-riuclar-acull-el-concert-de-cloenda-del-projecte-bufa-vent-fort\/"]}]},{"@type":"ImageObject","inLanguage":"es","@id":"https:\/\/estudidemusica.cat\/lescola-riuclar-acull-el-concert-de-cloenda-del-projecte-bufa-vent-fort\/#primaryimage","url":"https:\/\/estudidemusica.cat\/wp-content\/uploads\/2025\/06\/BVFclasses_22-scaled.jpg","contentUrl":"https:\/\/estudidemusica.cat\/wp-content\/uploads\/2025\/06\/BVFclasses_22-scaled.jpg","width":2560,"height":1707},{"@type":"BreadcrumbList","@id":"https:\/\/estudidemusica.cat\/lescola-riuclar-acull-el-concert-de-cloenda-del-projecte-bufa-vent-fort\/#breadcrumb","itemListElement":[{"@type":"ListItem","position":1,"name":"Inici","item":"https:\/\/estudidemusica.cat\/"},{"@type":"ListItem","position":2,"name":"L\u2019Escola Riuclar acull el concert de cloenda del projecte \u201cBufa Vent Fort\u201d"}]},{"@type":"WebSite","@id":"https:\/\/estudidemusica.cat\/#website","url":"https:\/\/estudidemusica.cat\/","name":"Estudi de musica","description":"Escola de m\u00fasica de tarragona amb m\u00e9s de 25 anys, autoritzada per la Generalitat.","potentialAction":[{"@type":"SearchAction","target":{"@type":"EntryPoint","urlTemplate":"https:\/\/estudidemusica.cat\/?s={search_term_string}"},"query-input":{"@type":"PropertyValueSpecification","valueRequired":true,"valueName":"search_term_string"}}],"inLanguage":"es"},{"@type":"Person","@id":"https:\/\/estudidemusica.cat\/#\/schema\/person\/cdbe04aa63b8048fafb6f9c4fd3b2f4a","name":"Estudi de musica","image":{"@type":"ImageObject","inLanguage":"es","@id":"https:\/\/secure.gravatar.com\/avatar\/e56dea9004d61ecce26d7e09a8871d0cc39725771405e7ae78e739e9eb370db7?s=96&d=mm&r=g","url":"https:\/\/secure.gravatar.com\/avatar\/e56dea9004d61ecce26d7e09a8871d0cc39725771405e7ae78e739e9eb370db7?s=96&d=mm&r=g","contentUrl":"https:\/\/secure.gravatar.com\/avatar\/e56dea9004d61ecce26d7e09a8871d0cc39725771405e7ae78e739e9eb370db7?s=96&d=mm&r=g","caption":"Estudi de musica"},"url":"https:\/\/estudidemusica.cat\/es\/author\/estudidemusica\/"}]}},"_links":{"self":[{"href":"https:\/\/estudidemusica.cat\/es\/wp-json\/wp\/v2\/posts\/2185","targetHints":{"allow":["GET"]}}],"collection":[{"href":"https:\/\/estudidemusica.cat\/es\/wp-json\/wp\/v2\/posts"}],"about":[{"href":"https:\/\/estudidemusica.cat\/es\/wp-json\/wp\/v2\/types\/post"}],"author":[{"embeddable":true,"href":"https:\/\/estudidemusica.cat\/es\/wp-json\/wp\/v2\/users\/6"}],"replies":[{"embeddable":true,"href":"https:\/\/estudidemusica.cat\/es\/wp-json\/wp\/v2\/comments?post=2185"}],"version-history":[{"count":1,"href":"https:\/\/estudidemusica.cat\/es\/wp-json\/wp\/v2\/posts\/2185\/revisions"}],"predecessor-version":[{"id":2186,"href":"https:\/\/estudidemusica.cat\/es\/wp-json\/wp\/v2\/posts\/2185\/revisions\/2186"}],"wp:featuredmedia":[{"embeddable":true,"href":"https:\/\/estudidemusica.cat\/es\/wp-json\/wp\/v2\/media\/2183"}],"wp:attachment":[{"href":"https:\/\/estudidemusica.cat\/es\/wp-json\/wp\/v2\/media?parent=2185"}],"wp:term":[{"taxonomy":"category","embeddable":true,"href":"https:\/\/estudidemusica.cat\/es\/wp-json\/wp\/v2\/categories?post=2185"},{"taxonomy":"post_tag","embeddable":true,"href":"https:\/\/estudidemusica.cat\/es\/wp-json\/wp\/v2\/tags?post=2185"}],"curies":[{"name":"wp","href":"https:\/\/api.w.org\/{rel}","templated":true}]}}