{"id":2277,"date":"2026-02-23T12:26:49","date_gmt":"2026-02-23T11:26:49","guid":{"rendered":"https:\/\/estudidemusica.cat\/?p=2277"},"modified":"2026-02-23T12:29:30","modified_gmt":"2026-02-23T11:29:30","slug":"audicions-febrer-2026","status":"publish","type":"post","link":"https:\/\/estudidemusica.cat\/es\/audicions-febrer-2026\/","title":{"rendered":"Audicions febrer 2026"},"content":{"rendered":"<p>La setmana del 2 al 5 de febrer, vam celebrar les <strong>audicions dels diferents instruments<\/strong> de l\u2019escola. Van ser dies intensos, plens de concentraci\u00f3, nervis i, sobretot, molta <strong>m\u00fasica compartida.<\/strong><\/p>\n<p>Al llarg de les sessions vam poder escoltar una gran varietat de formacions i instruments: <strong>corda fregada, vent fusta i metall, piano, guitarra, saxo, cant i bateria.<\/strong> Cada audici\u00f3 ha estat una oportunitat perqu\u00e8 l\u2019alumnat pugi a l\u2019escenari, posi en pr\u00e0ctica la feina feta a classe i guanyi confian\u00e7a.<\/p>\n<p>Les audicions no s\u00f3n nom\u00e9s un moment per mostrar resultats; s\u00f3n part del <strong>proc\u00e9s d\u2019aprenentatge.<\/strong> Tocar davant de p\u00fablic implica <strong>escolta, gesti\u00f3 dels nervis, concentraci\u00f3 i responsabilitat musical<\/strong>. I aix\u00f2 tamb\u00e9 s\u2019apr\u00e8n.<\/p>\n<p>Volem felicitar tot l\u2019alumnat per la feina feta i agrair a les fam\u00edlies l\u2019acompanyament i el suport. Seguim treballant perqu\u00e8 la m\u00fasica sigui una <strong>experi\u00e8ncia viva, compartida i significativa.<\/strong><\/p>\n<p><img loading=\"lazy\" decoding=\"async\" class=\"alignnone size-medium wp-image-2303\" src=\"https:\/\/estudidemusica.cat\/wp-content\/uploads\/2026\/02\/IMG_1559-225x300.jpg\" alt=\"\" width=\"225\" height=\"300\" \/><img loading=\"lazy\" decoding=\"async\" class=\"alignnone size-medium wp-image-2302\" src=\"https:\/\/estudidemusica.cat\/wp-content\/uploads\/2026\/02\/IMG_1555-225x300.jpg\" alt=\"\" width=\"225\" height=\"300\" \/><img loading=\"lazy\" decoding=\"async\" class=\"alignnone size-medium wp-image-2299\" src=\"https:\/\/estudidemusica.cat\/wp-content\/uploads\/2026\/02\/IMG_1500-225x300.jpg\" alt=\"\" width=\"225\" height=\"300\" \/><img loading=\"lazy\" decoding=\"async\" class=\"alignnone size-medium wp-image-2300\" src=\"https:\/\/estudidemusica.cat\/wp-content\/uploads\/2026\/02\/IMG_1515-169x300.jpg\" alt=\"\" width=\"169\" height=\"300\" \/><img loading=\"lazy\" decoding=\"async\" class=\"alignnone size-medium wp-image-2278\" src=\"https:\/\/estudidemusica.cat\/wp-content\/uploads\/2026\/02\/IMG_1381-225x300.jpg\" alt=\"\" width=\"225\" height=\"300\" \/><img loading=\"lazy\" decoding=\"async\" class=\"alignnone size-medium wp-image-2291\" src=\"https:\/\/estudidemusica.cat\/wp-content\/uploads\/2026\/02\/IMG_1435-225x300.jpg\" alt=\"\" width=\"225\" height=\"300\" \/><\/p>","protected":false},"excerpt":{"rendered":"<p>La setmana del 2 al 5 de febrer, vam celebrar les audicions dels diferents instruments de l\u2019escola. Van ser dies intensos, plens de concentraci\u00f3, nervis i, sobretot, molta m\u00fasica compartida. Al llarg de les sessions vam poder escoltar una gran varietat de formacions i instruments: corda fregada, vent fusta i metall, piano, guitarra, saxo, cant [&hellip;]<\/p>\n","protected":false},"author":6,"featured_media":2298,"comment_status":"open","ping_status":"open","sticky":false,"template":"","format":"standard","meta":{"_et_pb_use_builder":"","_et_pb_old_content":"","_et_gb_content_width":"","footnotes":""},"categories":[1],"tags":[],"class_list":["post-2277","post","type-post","status-publish","format-standard","has-post-thumbnail","hentry","category-sin-categoria"],"yoast_head":"<!-- This site is optimized with the Yoast SEO plugin v27.4 - https:\/\/yoast.com\/product\/yoast-seo-wordpress\/ -->\n<title>Audicions febrer 2026 - Estudi de musica<\/title>\n<meta name=\"robots\" content=\"index, follow, max-snippet:-1, max-image-preview:large, max-video-preview:-1\" \/>\n<link rel=\"canonical\" href=\"https:\/\/estudidemusica.cat\/es\/audicions-febrer-2026\/\" \/>\n<meta property=\"og:locale\" content=\"es_ES\" \/>\n<meta property=\"og:type\" content=\"article\" \/>\n<meta property=\"og:title\" content=\"Audicions febrer 2026 - Estudi de musica\" \/>\n<meta property=\"og:description\" content=\"La setmana del 2 al 5 de febrer, vam celebrar les audicions dels diferents instruments de l\u2019escola. Van ser dies intensos, plens de concentraci\u00f3, nervis i, sobretot, molta m\u00fasica compartida. Al llarg de les sessions vam poder escoltar una gran varietat de formacions i instruments: corda fregada, vent fusta i metall, piano, guitarra, saxo, cant [&hellip;]\" \/>\n<meta property=\"og:url\" content=\"https:\/\/estudidemusica.cat\/es\/audicions-febrer-2026\/\" \/>\n<meta property=\"og:site_name\" content=\"Estudi de musica\" \/>\n<meta property=\"article:published_time\" content=\"2026-02-23T11:26:49+00:00\" \/>\n<meta property=\"article:modified_time\" content=\"2026-02-23T11:29:30+00:00\" \/>\n<meta property=\"og:image\" content=\"https:\/\/estudidemusica.cat\/wp-content\/uploads\/2026\/02\/IMG_1482.jpg\" \/>\n\t<meta property=\"og:image:width\" content=\"2016\" \/>\n\t<meta property=\"og:image:height\" content=\"1512\" \/>\n\t<meta property=\"og:image:type\" content=\"image\/jpeg\" \/>\n<meta name=\"author\" content=\"Estudi de musica\" \/>\n<meta name=\"twitter:card\" content=\"summary_large_image\" \/>\n<meta name=\"twitter:label1\" content=\"Escrito por\" \/>\n\t<meta name=\"twitter:data1\" content=\"Estudi de musica\" \/>\n\t<meta name=\"twitter:label2\" content=\"Tiempo de lectura\" \/>\n\t<meta name=\"twitter:data2\" content=\"3 minutos\" \/>\n<script type=\"application\/ld+json\" class=\"yoast-schema-graph\">{\"@context\":\"https:\\\/\\\/schema.org\",\"@graph\":[{\"@type\":\"Article\",\"@id\":\"https:\\\/\\\/estudidemusica.cat\\\/audicions-febrer-2026\\\/#article\",\"isPartOf\":{\"@id\":\"https:\\\/\\\/estudidemusica.cat\\\/audicions-febrer-2026\\\/\"},\"author\":{\"name\":\"Estudi de musica\",\"@id\":\"https:\\\/\\\/estudidemusica.cat\\\/#\\\/schema\\\/person\\\/cdbe04aa63b8048fafb6f9c4fd3b2f4a\"},\"headline\":\"Audicions febrer 2026\",\"datePublished\":\"2026-02-23T11:26:49+00:00\",\"dateModified\":\"2026-02-23T11:29:30+00:00\",\"mainEntityOfPage\":{\"@id\":\"https:\\\/\\\/estudidemusica.cat\\\/audicions-febrer-2026\\\/\"},\"wordCount\":159,\"commentCount\":0,\"image\":{\"@id\":\"https:\\\/\\\/estudidemusica.cat\\\/audicions-febrer-2026\\\/#primaryimage\"},\"thumbnailUrl\":\"https:\\\/\\\/estudidemusica.cat\\\/wp-content\\\/uploads\\\/2026\\\/02\\\/IMG_1482.jpg\",\"inLanguage\":\"es\",\"potentialAction\":[{\"@type\":\"CommentAction\",\"name\":\"Comment\",\"target\":[\"https:\\\/\\\/estudidemusica.cat\\\/audicions-febrer-2026\\\/#respond\"]}]},{\"@type\":\"WebPage\",\"@id\":\"https:\\\/\\\/estudidemusica.cat\\\/audicions-febrer-2026\\\/\",\"url\":\"https:\\\/\\\/estudidemusica.cat\\\/audicions-febrer-2026\\\/\",\"name\":\"Audicions febrer 2026 - Estudi de musica\",\"isPartOf\":{\"@id\":\"https:\\\/\\\/estudidemusica.cat\\\/#website\"},\"primaryImageOfPage\":{\"@id\":\"https:\\\/\\\/estudidemusica.cat\\\/audicions-febrer-2026\\\/#primaryimage\"},\"image\":{\"@id\":\"https:\\\/\\\/estudidemusica.cat\\\/audicions-febrer-2026\\\/#primaryimage\"},\"thumbnailUrl\":\"https:\\\/\\\/estudidemusica.cat\\\/wp-content\\\/uploads\\\/2026\\\/02\\\/IMG_1482.jpg\",\"datePublished\":\"2026-02-23T11:26:49+00:00\",\"dateModified\":\"2026-02-23T11:29:30+00:00\",\"author\":{\"@id\":\"https:\\\/\\\/estudidemusica.cat\\\/#\\\/schema\\\/person\\\/cdbe04aa63b8048fafb6f9c4fd3b2f4a\"},\"breadcrumb\":{\"@id\":\"https:\\\/\\\/estudidemusica.cat\\\/audicions-febrer-2026\\\/#breadcrumb\"},\"inLanguage\":\"es\",\"potentialAction\":[{\"@type\":\"ReadAction\",\"target\":[\"https:\\\/\\\/estudidemusica.cat\\\/audicions-febrer-2026\\\/\"]}]},{\"@type\":\"ImageObject\",\"inLanguage\":\"es\",\"@id\":\"https:\\\/\\\/estudidemusica.cat\\\/audicions-febrer-2026\\\/#primaryimage\",\"url\":\"https:\\\/\\\/estudidemusica.cat\\\/wp-content\\\/uploads\\\/2026\\\/02\\\/IMG_1482.jpg\",\"contentUrl\":\"https:\\\/\\\/estudidemusica.cat\\\/wp-content\\\/uploads\\\/2026\\\/02\\\/IMG_1482.jpg\",\"width\":2016,\"height\":1512},{\"@type\":\"BreadcrumbList\",\"@id\":\"https:\\\/\\\/estudidemusica.cat\\\/audicions-febrer-2026\\\/#breadcrumb\",\"itemListElement\":[{\"@type\":\"ListItem\",\"position\":1,\"name\":\"Inici\",\"item\":\"https:\\\/\\\/estudidemusica.cat\\\/\"},{\"@type\":\"ListItem\",\"position\":2,\"name\":\"Audicions febrer 2026\"}]},{\"@type\":\"WebSite\",\"@id\":\"https:\\\/\\\/estudidemusica.cat\\\/#website\",\"url\":\"https:\\\/\\\/estudidemusica.cat\\\/\",\"name\":\"Estudi de musica\",\"description\":\"Escola de m\u00fasica de tarragona amb m\u00e9s de 25 anys, autoritzada per la Generalitat.\",\"potentialAction\":[{\"@type\":\"SearchAction\",\"target\":{\"@type\":\"EntryPoint\",\"urlTemplate\":\"https:\\\/\\\/estudidemusica.cat\\\/?s={search_term_string}\"},\"query-input\":{\"@type\":\"PropertyValueSpecification\",\"valueRequired\":true,\"valueName\":\"search_term_string\"}}],\"inLanguage\":\"es\"},{\"@type\":\"Person\",\"@id\":\"https:\\\/\\\/estudidemusica.cat\\\/#\\\/schema\\\/person\\\/cdbe04aa63b8048fafb6f9c4fd3b2f4a\",\"name\":\"Estudi de musica\",\"image\":{\"@type\":\"ImageObject\",\"inLanguage\":\"es\",\"@id\":\"https:\\\/\\\/secure.gravatar.com\\\/avatar\\\/e56dea9004d61ecce26d7e09a8871d0cc39725771405e7ae78e739e9eb370db7?s=96&d=mm&r=g\",\"url\":\"https:\\\/\\\/secure.gravatar.com\\\/avatar\\\/e56dea9004d61ecce26d7e09a8871d0cc39725771405e7ae78e739e9eb370db7?s=96&d=mm&r=g\",\"contentUrl\":\"https:\\\/\\\/secure.gravatar.com\\\/avatar\\\/e56dea9004d61ecce26d7e09a8871d0cc39725771405e7ae78e739e9eb370db7?s=96&d=mm&r=g\",\"caption\":\"Estudi de musica\"},\"url\":\"https:\\\/\\\/estudidemusica.cat\\\/es\\\/author\\\/estudidemusica\\\/\"}]}<\/script>\n<!-- \/ Yoast SEO plugin. -->","yoast_head_json":{"title":"Audicions febrer 2026 - Estudi de musica","robots":{"index":"index","follow":"follow","max-snippet":"max-snippet:-1","max-image-preview":"max-image-preview:large","max-video-preview":"max-video-preview:-1"},"canonical":"https:\/\/estudidemusica.cat\/es\/audicions-febrer-2026\/","og_locale":"es_ES","og_type":"article","og_title":"Audicions febrer 2026 - Estudi de musica","og_description":"La setmana del 2 al 5 de febrer, vam celebrar les audicions dels diferents instruments de l\u2019escola. Van ser dies intensos, plens de concentraci\u00f3, nervis i, sobretot, molta m\u00fasica compartida. Al llarg de les sessions vam poder escoltar una gran varietat de formacions i instruments: corda fregada, vent fusta i metall, piano, guitarra, saxo, cant [&hellip;]","og_url":"https:\/\/estudidemusica.cat\/es\/audicions-febrer-2026\/","og_site_name":"Estudi de musica","article_published_time":"2026-02-23T11:26:49+00:00","article_modified_time":"2026-02-23T11:29:30+00:00","og_image":[{"width":2016,"height":1512,"url":"https:\/\/estudidemusica.cat\/wp-content\/uploads\/2026\/02\/IMG_1482.jpg","type":"image\/jpeg"}],"author":"Estudi de musica","twitter_card":"summary_large_image","twitter_misc":{"Escrito por":"Estudi de musica","Tiempo de lectura":"3 minutos"},"schema":{"@context":"https:\/\/schema.org","@graph":[{"@type":"Article","@id":"https:\/\/estudidemusica.cat\/audicions-febrer-2026\/#article","isPartOf":{"@id":"https:\/\/estudidemusica.cat\/audicions-febrer-2026\/"},"author":{"name":"Estudi de musica","@id":"https:\/\/estudidemusica.cat\/#\/schema\/person\/cdbe04aa63b8048fafb6f9c4fd3b2f4a"},"headline":"Audicions febrer 2026","datePublished":"2026-02-23T11:26:49+00:00","dateModified":"2026-02-23T11:29:30+00:00","mainEntityOfPage":{"@id":"https:\/\/estudidemusica.cat\/audicions-febrer-2026\/"},"wordCount":159,"commentCount":0,"image":{"@id":"https:\/\/estudidemusica.cat\/audicions-febrer-2026\/#primaryimage"},"thumbnailUrl":"https:\/\/estudidemusica.cat\/wp-content\/uploads\/2026\/02\/IMG_1482.jpg","inLanguage":"es","potentialAction":[{"@type":"CommentAction","name":"Comment","target":["https:\/\/estudidemusica.cat\/audicions-febrer-2026\/#respond"]}]},{"@type":"WebPage","@id":"https:\/\/estudidemusica.cat\/audicions-febrer-2026\/","url":"https:\/\/estudidemusica.cat\/audicions-febrer-2026\/","name":"Audicions febrer 2026 - Estudi de musica","isPartOf":{"@id":"https:\/\/estudidemusica.cat\/#website"},"primaryImageOfPage":{"@id":"https:\/\/estudidemusica.cat\/audicions-febrer-2026\/#primaryimage"},"image":{"@id":"https:\/\/estudidemusica.cat\/audicions-febrer-2026\/#primaryimage"},"thumbnailUrl":"https:\/\/estudidemusica.cat\/wp-content\/uploads\/2026\/02\/IMG_1482.jpg","datePublished":"2026-02-23T11:26:49+00:00","dateModified":"2026-02-23T11:29:30+00:00","author":{"@id":"https:\/\/estudidemusica.cat\/#\/schema\/person\/cdbe04aa63b8048fafb6f9c4fd3b2f4a"},"breadcrumb":{"@id":"https:\/\/estudidemusica.cat\/audicions-febrer-2026\/#breadcrumb"},"inLanguage":"es","potentialAction":[{"@type":"ReadAction","target":["https:\/\/estudidemusica.cat\/audicions-febrer-2026\/"]}]},{"@type":"ImageObject","inLanguage":"es","@id":"https:\/\/estudidemusica.cat\/audicions-febrer-2026\/#primaryimage","url":"https:\/\/estudidemusica.cat\/wp-content\/uploads\/2026\/02\/IMG_1482.jpg","contentUrl":"https:\/\/estudidemusica.cat\/wp-content\/uploads\/2026\/02\/IMG_1482.jpg","width":2016,"height":1512},{"@type":"BreadcrumbList","@id":"https:\/\/estudidemusica.cat\/audicions-febrer-2026\/#breadcrumb","itemListElement":[{"@type":"ListItem","position":1,"name":"Inici","item":"https:\/\/estudidemusica.cat\/"},{"@type":"ListItem","position":2,"name":"Audicions febrer 2026"}]},{"@type":"WebSite","@id":"https:\/\/estudidemusica.cat\/#website","url":"https:\/\/estudidemusica.cat\/","name":"Estudi de musica","description":"Escola de m\u00fasica de tarragona amb m\u00e9s de 25 anys, autoritzada per la Generalitat.","potentialAction":[{"@type":"SearchAction","target":{"@type":"EntryPoint","urlTemplate":"https:\/\/estudidemusica.cat\/?s={search_term_string}"},"query-input":{"@type":"PropertyValueSpecification","valueRequired":true,"valueName":"search_term_string"}}],"inLanguage":"es"},{"@type":"Person","@id":"https:\/\/estudidemusica.cat\/#\/schema\/person\/cdbe04aa63b8048fafb6f9c4fd3b2f4a","name":"Estudi de musica","image":{"@type":"ImageObject","inLanguage":"es","@id":"https:\/\/secure.gravatar.com\/avatar\/e56dea9004d61ecce26d7e09a8871d0cc39725771405e7ae78e739e9eb370db7?s=96&d=mm&r=g","url":"https:\/\/secure.gravatar.com\/avatar\/e56dea9004d61ecce26d7e09a8871d0cc39725771405e7ae78e739e9eb370db7?s=96&d=mm&r=g","contentUrl":"https:\/\/secure.gravatar.com\/avatar\/e56dea9004d61ecce26d7e09a8871d0cc39725771405e7ae78e739e9eb370db7?s=96&d=mm&r=g","caption":"Estudi de musica"},"url":"https:\/\/estudidemusica.cat\/es\/author\/estudidemusica\/"}]}},"_links":{"self":[{"href":"https:\/\/estudidemusica.cat\/es\/wp-json\/wp\/v2\/posts\/2277","targetHints":{"allow":["GET"]}}],"collection":[{"href":"https:\/\/estudidemusica.cat\/es\/wp-json\/wp\/v2\/posts"}],"about":[{"href":"https:\/\/estudidemusica.cat\/es\/wp-json\/wp\/v2\/types\/post"}],"author":[{"embeddable":true,"href":"https:\/\/estudidemusica.cat\/es\/wp-json\/wp\/v2\/users\/6"}],"replies":[{"embeddable":true,"href":"https:\/\/estudidemusica.cat\/es\/wp-json\/wp\/v2\/comments?post=2277"}],"version-history":[{"count":2,"href":"https:\/\/estudidemusica.cat\/es\/wp-json\/wp\/v2\/posts\/2277\/revisions"}],"predecessor-version":[{"id":2309,"href":"https:\/\/estudidemusica.cat\/es\/wp-json\/wp\/v2\/posts\/2277\/revisions\/2309"}],"wp:featuredmedia":[{"embeddable":true,"href":"https:\/\/estudidemusica.cat\/es\/wp-json\/wp\/v2\/media\/2298"}],"wp:attachment":[{"href":"https:\/\/estudidemusica.cat\/es\/wp-json\/wp\/v2\/media?parent=2277"}],"wp:term":[{"taxonomy":"category","embeddable":true,"href":"https:\/\/estudidemusica.cat\/es\/wp-json\/wp\/v2\/categories?post=2277"},{"taxonomy":"post_tag","embeddable":true,"href":"https:\/\/estudidemusica.cat\/es\/wp-json\/wp\/v2\/tags?post=2277"}],"curies":[{"name":"wp","href":"https:\/\/api.w.org\/{rel}","templated":true}]}}